{"id":21258,"date":"2023-05-04T07:30:00","date_gmt":"2023-05-04T05:30:00","guid":{"rendered":"https:\/\/qlinea.com\/mfn_news\/delarsrapport-1-januari-31-mars-2023\/"},"modified":"2023-05-04T08:27:53","modified_gmt":"2023-05-04T06:27:53","slug":"delarsrapport-1-januari-31-mars-2023","status":"publish","type":"mfn_news","link":"https:\/\/qlinea.com\/sv\/mfn_news\/delarsrapport-1-januari-31-mars-2023\/","title":{"rendered":"Del\u00e5rsrapport 1 januari \u2013 31 mars 2023"},"content":{"rendered":"<div class=\"mfn-preamble\">\n<p><strong>KOMMERSIELL EXPANSION FORTS\u00c4TTER ENLIGT PLAN<\/strong><\/p>\n<\/div>\n<div class=\"mfn-body\">\n<p><strong class=\"mfn-heading-1\">F\u00f6rsta kvartalet, 1 januari &#8211; 31 mars 2023<\/strong><\/p>\n<ul>\n<li>Nettooms\u00e4ttningen uppgick till 0 (5,8) MSEK.<\/li>\n<li>R\u00f6relseresultatet (EBIT) uppgick till -62 2 (-71,5) MSEK.<\/li>\n<li>Periodens resultat uppgick till -61,4 (-72,8) MSEK.<\/li>\n<li>Resultatet per aktie f\u00f6re och efter utsp\u00e4dning uppgick till -2,10 (-2,49) SEK.<\/li>\n<li>Kassafl\u00f6det fr\u00e5n den l\u00f6pande verksamheten uppgick till -72,4 (-50,0) MSEK.<\/li>\n<li>Bolaget har per den 31 mars 2023 sammanlagt 20,6 (72,9) MSEK i tillg\u00e4ngliga medel.<\/li>\n<\/ul>\n<p><strong class=\"mfn-heading-1\">V\u00e4sentliga h\u00e4ndelser<\/strong><br \/>\n<strong class=\"mfn-heading-1\">Under f\u00f6rsta kvartalet 2023<\/strong><\/p>\n<ul>\n<li>Q-linea AB tecknade i februari ett distributionspartnerskap f\u00f6r ASTar\u00ae instrument och f\u00f6rbrukningsartiklar f\u00f6r den brittiska marknaden med Pro-Lab Diagnostics som enda distributionspartner men Q-linea har ocks\u00e5 r\u00e4tt att adressera denna marknad.<\/li>\n<li>Q-linea AB erh\u00f6ll certifiering enligt den nya och mer omfattande EU-f\u00f6rordningen f\u00f6r in-vitro diagnostiska, medicintekniska produkter, IVDR.<\/li>\n<li>Bolaget tillk\u00e4nnagav en uppdaterad kommersialiseringsstrategi med fokus p\u00e5 tre nyckelgeografier i Europa \u2013 Storbritannien, Italien och Benelux \u2013 genom en intern s\u00e4ljk\u00e5r, dotterbolag och partnerskap. F\u00f6r USA kommer Q-lineas fokus initialt att ligga p\u00e5 \u00f6stkusten med hj\u00e4lp av ett dotterbolag med en dedikerad s\u00e4ljstyrka p\u00e5 cirka 8\u201312 personer. Q-lineas majoritets\u00e4gare Nexttobe st\u00f6djer strategin fullt ut och ut\u00f6kar den nuvarande l\u00e5nefaciliteten fr\u00e5n 100 miljoner kronor till 200 miljoner kronor.<\/li>\n<li>Q-linea AB har anst\u00e4llt Christer Samuelsson som CFO och IR-ansvarig. Christer Samuelsson tilltr\u00e4der den 1 maj 2023, d\u00e5 han eftertr\u00e4der Anders Lundin som innehaft rollen sedan 2018.<\/li>\n<li>Bolaget erh\u00f6ll i mars ett etiskt godk\u00e4nnande till att ett universitetssjukhus i Belgien startar en studie som utv\u00e4rderar ASTars kliniska nytta. Studien syftar till att utforska effekten av kortare tid till optimal antibiotikabehandling med hj\u00e4lp av ASTar.<\/li>\n<\/ul>\n<p><strong class=\"mfn-heading-1\">Efter periodens utg\u00e5ng<\/strong><\/p>\n<ul>\n<li>Q-linea AB har f\u00e5tt de tv\u00e5 f\u00f6rsta best\u00e4llningarna p\u00e5 ASTar instrument fr\u00e5n Pro-Lab Diagnostics i Storbritannien.<\/li>\n<li>Bolaget har tecknat ett icke-exklusivt distributionsavtal f\u00f6r Polen med Integra Diagnostic Sp. z.o.o.<\/li>\n<li>Q-linea AB initierar ett kostnadsbesparingsprogram d\u00e4r syftet \u00e4r att m\u00f6jligg\u00f6ra satsningen p\u00e5 den uppdaterade kommersialiseringsstrategin. Kostnadsbesparingen ber\u00e4knas uppg\u00e5 till cirka 45 miljoner kronor p\u00e5 hel\u00e5rsbasis.<\/li>\n<li>Styrelsen i Q-linea AB har beslutat att \u00e4ndra datum f\u00f6r \u00e5rsst\u00e4mman till den 13 juni 2023 kl. 16. Bakgrunden till styrelsens beslut \u00e4r den kostnadsbesparingsprocess som initierats.<\/li>\n<\/ul>\n<p><strong class=\"mfn-heading-1\">VD kommentar<\/strong><br \/>\nUnder \u00e5rets f\u00f6rsta kvartal fortsatte Q-lineas transformationsresa i snabb takt. Vi tog viktiga steg enligt v\u00e5r nya kommersialiseringsstrategi och vi gl\u00e4der oss \u00e5t det stora intresse vi ser f\u00f6r ASTar.<\/p>\n<p>Genom en intern s\u00e4ljk\u00e5r fokuserar vi p\u00e5 USA, Italien och Benelux, och tillsammans med distribut\u00f6rer breddar vi v\u00e5r n\u00e4rvaro i \u00f6vriga geografier i Europa. Fokus initialt ligger p\u00e5 strategiskt viktiga marknader som Storbritannien.<\/p>\n<p>Det var gl\u00e4djande att vi under kvartalet tecknade ett distributionspartnerskap med Pro-Lab Diagnostics f\u00f6r den brittiska marknaden. Strax efter utg\u00e5ngen av kvartalet fick vi dessutom v\u00e5r f\u00f6rsta best\u00e4llning p\u00e5 tv\u00e5 ASTar instrument som kommer att anv\u00e4ndas av Pro-Lab vid kommande m\u00e4ssor och i framtida kundutv\u00e4rderingar.<\/p>\n<p>Polen \u00e4r ocks\u00e5 en intressant geografi som under 2023 har ett tydligt fokus och satsning p\u00e5 f\u00f6rb\u00e4ttrad infektions-diagnostik. Vi ser d\u00e4rf\u00f6r att det distribut\u00f6rsavtal som vi sl\u00f6t med Integra Diagnostic Sp. z.o.o. ger oss en bra m\u00f6jlighet att adressera den polska marknaden och m\u00f6ta det behov som identifierats.<\/p>\n<p>Vi \u00e4r selektiva i vilka distribut\u00f6rer vi vill arbeta med f\u00f6r att s\u00e4kerst\u00e4lla att vi blir prioriterade i deras sortiment samt att de skall ha en mycket god marknadsk\u00e4nnedom. Vi kommer att forts\u00e4tta g\u00e5 metodiskt fram f\u00f6r att hitta den b\u00e4sta och mest kostnadseffektiva kommersialiseringsl\u00f6sningen p\u00e5 respektive marknad. Vi forts\u00e4tter \u00e4ven dialogen med st\u00f6rre strategiska f\u00f6retag f\u00f6r att utv\u00e4rdera m\u00f6jligheterna till att gemensamt skapa ytterligare f\u00f6ruts\u00e4ttningar f\u00f6r kommersialiseringen av ASTar.<\/p>\n<p>I USA kommer vi initialt att starta med en fokuserad egen s\u00e4ljstyrka i det egna dotterbolaget Q-linea Inc. och fram tills vi erh\u00e5ller marknadsgodk\u00e4nnande arbetar vi med att driva kliniska utv\u00e4rderingsstudier med syfte att vara redo n\u00e4r ASTar godk\u00e4nns f\u00f6r f\u00f6rs\u00e4ljning i USA. Under kvartalet fick vi \u00e5terkoppling fr\u00e5n FDA som innebar att vi inledde kompletterande testning f\u00f6r att verifiera prestandaf\u00f6rb\u00e4ttringar som inf\u00f6rdes efter att den kliniska studien i 510(k)-ans\u00f6kan slutf\u00f6rts. V\u00e5r m\u00e5ls\u00e4ttning \u00e4r att slutf\u00f6ra testningen under v\u00e5ren f\u00f6r att l\u00e4mna in kompletterande data till sommaren.<\/p>\n<p>Snabb resistensbest\u00e4mning (rapid AST) \u00e4r definitivt framtiden, men sjukhus, laboratorier och betalare beh\u00f6ver gedigna h\u00e4lsoekonomiska bevis f\u00f6r att motivera sina ink\u00f6p. Under kvartalet kunde vi meddela att ett universitetssjukhus i Belgien erh\u00e5llit etiskt godk\u00e4nnande att starta en studie som utv\u00e4rderar ASTars kliniska nytta. Att bevisa den kliniska nyttan av ASTar \u00e4r en h\u00f6rnsten i v\u00e5r kliniska strategi och f\u00f6r den kommersiella utvecklingen. Studier som denna \u00f6kar kunskapen om f\u00f6rdelarna med snabb resistensbest\u00e4mning i allm\u00e4nhet och ASTar i synnerhet.<\/p>\n<p>Ytterligare en positiv nyhet under kvartalet var certifieringen enligt den nya och mer omfattande EU-f\u00f6rordningen f\u00f6r in-vitro diagnostiska medicintekniska produkter, IVDR. Certifieringen \u00e4r ett bevis p\u00e5 v\u00e5r genomg\u00e5ende h\u00f6ga kvalitetsniv\u00e5 och \u00e4r en f\u00f6ruts\u00e4ttning f\u00f6r att kunna CE-m\u00e4rka ASTar BC G- Kit. M\u00e5let \u00e4r att erh\u00e5lla en CE-m\u00e4rkning f\u00f6r ASTar BC G- Kit enligt IVDR innan sommaren. ASTar instrumentet \u00e4r CE-m\u00e4rkt enligt IVDR sedan maj 2022.<\/p>\n<p>Efter periodens utg\u00e5ng deltog vi i ECCMID som \u00e4r en av de st\u00f6rsta infektionsdiagnostikkonferenserna i v\u00e4rlden. Vi fick ett mycket positivt bem\u00f6tande och hade bra dialoger med potentiella framtida kunder. Samtidigt ser vi ett stort intresse hos de sjukhus som utv\u00e4rderat ASTar. Fler upphandlingar har b\u00f6rjar utlysas som ett svar p\u00e5 tidigare utv\u00e4rderingar.<\/p>\n<p>Innevarande verksamhets\u00e5r kommer fortsatt att vara ett \u00e5r i transformation och vi annonserade i april att bolaget genomf\u00f6r ett omfattande kostnadsbesparingsprogram. Syftet \u00e4r att ge f\u00f6ruts\u00e4ttningar f\u00f6r ut\u00f6kad finansiell uth\u00e5llighet och samtidigt ge utrymme f\u00f6r att s\u00e4tta resurser f\u00f6r att st\u00f6dja v\u00e5r nya kommersialiseringsstrategi. M\u00e5let med \u00e5rets aktiviteter \u00e4r m\u00f6jligg\u00f6ra en positiv f\u00f6rs\u00e4ljningsutveckling 2024. Jag ser fram emot att \u00e5terkomma till er.<\/p>\n<p>Uppsala, den 3 maj 2023, Jonas Jarvius, VD<\/p>\n<p>Rapporten har uppr\u00e4ttats i ett svenskt original och en engelsk \u00f6vers\u00e4ttning. Vid variationer mellan de tv\u00e5 ska den svenska versionen g\u00e4lla. Denna rapport har inte granskats av Bolagets revisor.<\/p>\n<p><strong class=\"mfn-heading-2\">Presentation<\/strong><br \/>\nQ-linea bjuder in till audiocast med telefonkonferens (p\u00e5 engelska) f\u00f6r investerare, analytiker och media idag den<br \/>\n4 maj 2023 kl. 13:00 \u2013 14:00 (CET). VD Jonas Jarvius och CFO Christer Samuelsson presenterar Q-linea och kommenterar del\u00e5rsrapporten f\u00f6r perioden januari &#8211; mars 2023 samt svarar p\u00e5 fr\u00e5gor.<\/p>\n<p>Om du \u00f6nskar delta via webcast g\u00e5 in p\u00e5 l\u00e4nk:&nbsp; <a href=\"https:\/\/ir.financialhearings.com\/q-linea-q1-2023\" rel=\"noopener\" target=\"_blank\">https:\/\/ir.financialhearings.com\/q-linea-q1-2023<\/a><br \/>\nVia webcast finns m\u00f6jlighet att st\u00e4lla skriftliga fr\u00e5gor.<\/p>\n<p>Om du \u00f6nskar st\u00e4lla muntliga fr\u00e5gor via telefonkonferens registrerar du dig via l\u00e4nken:<br \/>\n<a href=\"https:\/\/conference.financialhearings.com\/teleconference\/?id=200726\" rel=\"noopener\" target=\"_blank\">https:\/\/conference.financialhearings.com\/teleconference\/?id=200726<\/a><\/p>\n<p>Efter registreringen f\u00e5r du telefonnummer och ett konferens-ID f\u00f6r att logga in till konferensen. Via telefonkonferensen finns m\u00f6jlighet att st\u00e4lla muntliga fr\u00e5gor.<\/p>\n<p><strong>F\u00f6r mer information, v\u00e4nligen kontakta:<\/strong><\/p>\n<hr>\n<p>Jonas Jarvius, CEO, Q-linea AB<br \/>\n<strong><a href=\"&#109;&#x61;&#105;&#x6c;&#116;&#x6f;:&#x4a;o&#110;&#x61;&#115;&#x2e;&#74;&#x61;r&#x76;i&#117;&#x73;&#64;&#x71;&#108;&#x69;&#110;&#x65;a&#x2e;c&#111;&#x6d;\" rel=\"noopener\" target=\"_blank\">&#x4a;&#111;&#110;&#x61;&#x73;&#46;&#74;&#x61;&#x72;&#118;&#105;&#x75;&#x73;&#64;&#113;&#x6c;&#x69;&#110;&#101;&#x61;&#x2e;&#99;&#111;&#x6d;<\/a><\/strong><br \/>\n+46 (0) 70-323 77 60<\/p>\n<p>Christer Samuelsson, CFO, Q-linea AB<br \/>\n<strong>&#67;h&#x72;i&#x73;t&#x65;r&#x2e;&#83;&#x61;&#109;&#x75;&#101;&#x6c;&#115;s&#111;n&#x40;q&#x6c;i&#x6e;&#101;&#x61;&#46;&#x63;&#111;&#x6d;<\/strong><br \/>\n+46 (0) 70-600 15 20<\/p>\n<\/div>\n<div class=\"mfn-footer mfn-about mfn-2048cb62925b\">\n<p><strong class=\"mfn-heading-1\">Om Q-linea<\/strong><\/p>\n<hr>\n<p>Q-linea \u00e4r ett innovativt infektionsdiagnostikbolag vars fokus \u00e4r utveckling av instrument och f\u00f6rbrukningsartiklar f\u00f6r snabb och p\u00e5litlig infektionsdiagnostik. V\u00e5r vision \u00e4r att hj\u00e4lpa till att r\u00e4dda liv genom att s\u00e4kerst\u00e4lla att antibiotika fortfarande \u00e4r en effektiv behandling f\u00f6r kommande generationer. Q-linea utvecklar och levererar l\u00f6sningar f\u00f6r v\u00e5rdgivare som p\u00e5 kortast m\u00f6jliga tid kan diagnostisera och behandla infektionssjukdomar. Bolagets ledande produkt ASTar\u00ae \u00e4r ett helautomatiskt instrument f\u00f6r test av antibiotikaresistens (AST), vilket ger en k\u00e4nslighetsprofil inom sex timmar direkt fr\u00e5n en positiv blodkultur. F\u00f6r mer information, bes\u00f6k g\u00e4rna <a href=\"http:\/\/www.qlinea.com.\" rel=\"noopener\" target=\"_blank\">www.qlinea.com.<\/a><\/p>\n<\/div>\n<div class=\"mfn-footer mfn-regulatory mfn-regulatory-mar\">\n<p><em>Denna information \u00e4r s\u00e5dan information som Q-linea \u00e4r skyldigt att offentligg\u00f6ra enligt EU:s marknadsmissbruksf\u00f6rordning. Informationen l\u00e4mnades, genom ovanst\u00e5ende kontaktpersons f\u00f6rsorg, f\u00f6r offentligg\u00f6rande den 2023-05-04 07:30 CEST.<\/em><\/p>\n<\/div>\n<div class=\"mfn-footer mfn-attachment mfn-attachment-general\">\n<p><strong class=\"mfn-heading-1\">Bifogade filer<\/strong><\/p>\n<hr>\n<p><a class=\"mfn-primary\" href=\"https:\/\/storage.mfn.se\/30a9c073-aaed-46b3-bfa7-93007caa7ccd\/2023-kv1-delarsrapport-20230503-sv.pdf\" rel=\"noopener\" target=\"_blank\">2023 KV1 DEL\u00c5RSRAPPORT 20230503 SV<\/a><\/p>\n<\/div>\n","protected":false},"excerpt":{"rendered":"<p>KOMMERSIELL EXPANSION FORTS\u00c4TTER ENLIGT PLAN F\u00f6rsta kvartalet, 1 januari &#8211; 31 mars 2023 Nettooms\u00e4ttningen uppgick till 0 (5,8) MSEK. R\u00f6relseresultatet (EBIT) uppgick till -62 2&#8230;<\/p>\n","protected":false},"template":"","class_list":["post-21258","mfn_news","type-mfn_news","status-publish","hentry","mfn-news-tag-mfn-report-interim_sv","mfn-news-tag-mfn-type-ir_sv","mfn-news-tag-mfn-regulatory-mar_sv","mfn-news-tag-mfn_sv","mfn-news-tag-mfn-report-interim-q1","mfn-news-tag-mfn-report-interim-q1_sv","mfn-news-tag-mfn-report_sv","mfn-news-tag-mfn-regulatory_sv","mfn-news-tag-mfn-lang-sv_sv"],"acf":[],"_links":{"self":[{"href":"https:\/\/qlinea.com\/sv\/wp-json\/wp\/v2\/mfn_news\/21258","targetHints":{"allow":["GET"]}}],"collection":[{"href":"https:\/\/qlinea.com\/sv\/wp-json\/wp\/v2\/mfn_news"}],"about":[{"href":"https:\/\/qlinea.com\/sv\/wp-json\/wp\/v2\/types\/mfn_news"}],"wp:attachment":[{"href":"https:\/\/qlinea.com\/sv\/wp-json\/wp\/v2\/media?parent=21258"}],"curies":[{"name":"wp","href":"https:\/\/api.w.org\/{rel}","templated":true}]}}