{"id":24014,"date":"2024-01-15T08:10:00","date_gmt":"2024-01-15T07:10:00","guid":{"rendered":"https:\/\/qlinea.com\/mfn_news\/andrat-datum-for-bokslutskommunike\/"},"modified":"2024-01-15T16:10:44","modified_gmt":"2024-01-15T15:10:44","slug":"andrat-datum-for-bokslutskommunike","status":"publish","type":"mfn_news","link":"https:\/\/qlinea.com\/sv\/mfn_news\/andrat-datum-for-bokslutskommunike\/","title":{"rendered":"\u00c4ndrat datum f\u00f6r bokslutskommunik\u00e9"},"content":{"rendered":"<div class=\"mfn-preamble\">\n<p class=\"mfn-wp-retain\"><strong>Styrelsen i Q-linea AB (publ) (&rdquo;Q-linea&rdquo; eller &rdquo;Bolaget&rdquo;) har beslutat att &auml;ndra datum f&ouml;r bokslutskommunik&eacute;n.<\/strong><\/p>\n<\/div>\n<div class=\"mfn-body\">\n<p class=\"mfn-wp-retain\">Bakgrunden till styrelsens beslut &auml;r den p&aring;g&aring;ende vd-rekryteringsprocessen som initierats och meddelats via separat pressmeddelande och som g&ouml;r att styrelsen funnit det mest l&auml;mpligt att senarel&auml;gga bokslutskommunik&eacute;n. Q-lineas bokslutskommunik&eacute; f&ouml;r 2023 kommer att publiceras tisdagen den 27 februari 2024 kl. 07.30.<\/p>\n<\/div>\n<div class=\"mfn-footer mfn-contacts mfn-828219978778\">\n<p class=\"mfn-wp-retain\"><strong class=\"mfn-heading-1\">F&ouml;r mer information, v&auml;nligen kontakta:<\/strong><\/p>\n<hr>\n<p class=\"mfn-wp-retain\">Jonas Jarvius, CEO, Q-linea AB<br \/><a href=\"&#x6d;&#x61;&#x69;&#x6c;&#x74;&#x6f;&#x3a;&#x4a;&#x6f;&#x6e;&#x61;&#x73;&#x2e;&#x4a;&#x61;&#x72;&#x76;&#x69;&#x75;&#x73;&#x40;&#x71;&#108;&#105;&#110;&#101;&#97;&#46;&#99;&#111;&#109;\" rel=\"noopener\" target=\"_blank\">&#74;o&#x6e;a&#x73;&#46;&#x4a;&#97;&#x72;&#118;&#x69;&#117;s&#x40;q&#x6c;i&#x6e;&#101;&#x61;&#46;&#x63;&#111;&#x6d;<\/a><br \/>+46 (0) 70-323 77 60<\/p>\n<p class=\"mfn-wp-retain\">Christer Samuelsson, CFO \/ IR, Q-linea AB<br \/><a href=\"&#x6d;&#97;i&#x6c;&#116;o&#x3a;&#67;h&#x72;&#105;s&#x74;&#101;r&#x2e;&#x53;a&#x6d;&#x75;&#101;&#x6c;&#x73;&#115;&#x6f;&#x6e;&#64;q&#x6c;&#105;n&#x65;&#97;&#46;&#x63;&#111;m\" rel=\"noopener\" target=\"_blank\">&#x43;&#x68;&#114;i&#x73;&#x74;&#101;&#114;&#46;&#x53;&#x61;&#109;&#117;e&#x6c;&#x73;&#115;on&#x40;&#x71;&#108;i&#x6e;&#x65;&#97;&#46;c&#x6f;&#x6d;<\/a><br \/>+ 46 (0) 70-600 15 20<\/p>\n<\/div>\n<div class=\"mfn-footer mfn-about mfn-2048cb62925b\">\n<p class=\"mfn-wp-retain\"><strong class=\"mfn-heading-1\">Om Q-linea<\/strong><\/p>\n<hr>\n<p class=\"mfn-wp-retain\">Q-linea &auml;r ett innovativt infektionsdiagnostikbolag vars fokus &auml;r utveckling av instrument och f&ouml;rbrukningsartiklar f&ouml;r snabb och p&aring;litlig infektionsdiagnostik. V&aring;r vision &auml;r att hj&auml;lpa till att r&auml;dda liv genom att s&auml;kerst&auml;lla att antibiotika fortfarande &auml;r en effektiv behandling f&ouml;r kommande generationer. Q-linea utvecklar och levererar l&ouml;sningar f&ouml;r v&aring;rdgivare som p&aring; kortast m&ouml;jliga tid kan diagnostisera och behandla infektionssjukdomar. Bolagets ledande produkt ASTar&reg; &auml;r ett helautomatiskt instrument f&ouml;r test av antibiotikaresistens (AST), vilket ger en k&auml;nslighetsprofil inom sex timmar direkt fr&aring;n en positiv blodkultur. F&ouml;r mer information, bes&ouml;k g&auml;rna <a href=\"http:\/\/www.qlinea.com.\" rel=\"noopener\" target=\"_blank\">www.qlinea.com.<\/a><\/p>\n<\/div>\n<div class=\"mfn-footer mfn-attachment mfn-attachment-general\">\n<p class=\"mfn-wp-retain\"><strong class=\"mfn-heading-1\">Bifogade filer<\/strong><\/p>\n<hr>\n<p class=\"mfn-wp-retain\"><a class=\"mfn-generated mfn-primary\" href=\"https:\/\/storage.mfn.se\/b105ea71-acd2-453f-b755-1229640b0fd1\/andrat-datum-for-bokslutskommunike.pdf\" rel=\"noopener\" target=\"_blank\">&Auml;ndrat datum f&ouml;r bokslutskommunik&eacute;<\/a><\/p>\n<\/div>\n","protected":false},"excerpt":{"rendered":"<p>Styrelsen i Q-linea AB (publ) (&rdquo;Q-linea&rdquo; eller &rdquo;Bolaget&rdquo;) har beslutat att &auml;ndra datum f&ouml;r bokslutskommunik&eacute;n. Bakgrunden till styrelsens beslut &auml;r den p&aring;g&aring;ende vd-rekryteringsprocessen som initierats&#8230;<\/p>\n","protected":false},"template":"","class_list":["post-24014","mfn_news","type-mfn_news","status-publish","hentry","mfn-news-tag-mfn-ci_sv","mfn-news-tag-mfn-ci-calendar_sv","mfn-news-tag-mfn-type-ir_sv","mfn-news-tag-mfn-regulatory-listing","mfn-news-tag-mfn-regulatory-listing_sv","mfn-news-tag-mfn_sv","mfn-news-tag-mfn-regulatory_sv","mfn-news-tag-mfn-lang-sv_sv"],"acf":[],"_links":{"self":[{"href":"https:\/\/qlinea.com\/sv\/wp-json\/wp\/v2\/mfn_news\/24014","targetHints":{"allow":["GET"]}}],"collection":[{"href":"https:\/\/qlinea.com\/sv\/wp-json\/wp\/v2\/mfn_news"}],"about":[{"href":"https:\/\/qlinea.com\/sv\/wp-json\/wp\/v2\/types\/mfn_news"}],"wp:attachment":[{"href":"https:\/\/qlinea.com\/sv\/wp-json\/wp\/v2\/media?parent=24014"}],"curies":[{"name":"wp","href":"https:\/\/api.w.org\/{rel}","templated":true}]}}