{"id":29160,"date":"2025-07-09T16:30:00","date_gmt":"2025-07-09T14:30:00","guid":{"rendered":"https:\/\/qlinea.com\/mfn_news\/rattelse-sista-dag-for-handel-fore-sammanlaggning\/"},"modified":"2025-07-10T08:43:42","modified_gmt":"2025-07-10T06:43:42","slug":"rattelse-sista-dag-for-handel-fore-sammanlaggning","status":"publish","type":"mfn_news","link":"https:\/\/qlinea.com\/sv\/mfn_news\/rattelse-sista-dag-for-handel-fore-sammanlaggning\/","title":{"rendered":"R\u00e4ttelse: Sista dag f\u00f6r handel f\u00f6re sammanl\u00e4ggning"},"content":{"rendered":"<div class=\"mfn-preamble\">\n<p class=\"mfn-wp-retain\"><strong>Q-linea AB (publ) (&rdquo;Bolaget&rdquo;) utf&auml;rdar en r&auml;ttelse av pressmeddelandet avseende tidplan f&ouml;r sammanl&auml;ggning av aktier som publicerades den 8 juli 2025. R&auml;ttelsen avser att pressmeddelandet felaktigt angav den 13 juli 2025 som sista handelsdag f&ouml;re sammanl&auml;ggningen. Korrekt sista handelsdag &auml;r den 11 juli 2025. I &ouml;vrigt &auml;r pressmeddelandet fr&aring;n den 8 juli 2025 of&ouml;r&auml;ndrat.<\/strong><\/p>\n<\/div>\n<div class=\"mfn-body\">\n<p class=\"mfn-wp-retain\">Avst&auml;mningsdagen f&ouml;r sammanl&auml;ggningen &auml;r den 15 juli 2025. Sista dagen f&ouml;r handel i Bolagets aktier f&ouml;re sammanl&auml;ggningen &auml;r den 11 juli 2025 och f&ouml;rsta dagen f&ouml;r handel i Bolagets aktier efter sammanl&auml;ggningen &auml;r den 14 juli 2025. Bolagets aktiekurs kommer d&auml;rmed att &aring;terspegla effekten av sammanl&auml;ggningen fr&aring;n och med den 14 juli 2025. Sammanl&auml;ggningen sker automatiskt via Euroclear Sweden AB och aktie&auml;gare beh&ouml;ver inte vidta n&aring;gra &aring;tg&auml;rder.<br \/>Genom sammanl&auml;ggningen kommer det totala antalet aktier i Bolaget att minska fr&aring;n 6 436 873&nbsp;000 till 6&nbsp;436 873.<\/p>\n<p class=\"mfn-wp-retain\">Till f&ouml;ljd av sammanl&auml;ggningen kommer Bolagets aktie fr&aring;n och med den 14 juli 2025 att byta ISIN-kod. Den nya ISIN-koden f&ouml;r Bolagets aktie &auml;r SE0025420714.<\/p>\n<p class=\"mfn-wp-retain\">Aktie&auml;garna i Bolaget kommer automatiskt att erh&aring;lla ett nytt, l&auml;gre, antal aktier i proportion till innehavet p&aring; avst&auml;mningsdagen. De aktie&auml;gare vars innehav av aktier p&aring; avst&auml;mningsdagen inte &auml;r j&auml;mnt delbart med tusen (1000) kommer vederlagsfritt att erh&aring;lla aktier f&ouml;r att innehavet ska bli j&auml;mnt delbart med tusen (1000). Tillhandah&aring;llande av aktier sker genom Euroclear Sweden ABs f&ouml;rsorg, utan att ytterligare &aring;tg&auml;rder beh&ouml;ver vidtas av aktie&auml;gare.<\/p>\n<\/div>\n<div class=\"mfn-footer mfn-contacts mfn-828219978778\">\n<p class=\"mfn-wp-retain\"><strong class=\"mfn-heading-1\">F&ouml;r mer information, v&auml;nligen kontakta:<\/strong><\/p>\n<hr>\n<p class=\"mfn-wp-retain\">Stuart Gander, President &amp; CEO, Q-linea <br \/><a href=\"ma&#105;&#108;&#x74;&#x6f;&#x3a;&#x73;tu&#97;&#114;&#x74;&#x2e;&#x67;&#x61;nd&#101;&#114;&#64;&#x71;&#x6c;&#x69;&#x6e;ea&#46;&#99;&#x6f;&#x6d;\" rel=\"noopener\" target=\"_blank\">S&#116;&#117;&#x61;&#x72;t&#46;&#71;&#x61;&#x6e;&#x64;e&#114;&#64;&#x71;&#x6c;in&#101;&#x61;&#x2e;&#x63;o&#109;<\/a><br \/>+1 857 409 7463<\/p>\n<p class=\"mfn-wp-retain\">Christer Samuelsson, CFO \/ IR, Q-linea AB<br \/><a href=\"&#x6d;&#x61;&#x69;&#x6c;&#x74;&#x6f;&#x3a;&#x43;&#x68;&#x72;&#x69;&#x73;&#x74;&#x65;&#x72;&#x2e;&#x53;&#x61;&#x6d;&#x75;&#x65;&#x6c;&#115;&#115;&#111;&#110;&#64;&#113;&#108;&#105;&#110;&#101;&#97;&#46;&#99;&#111;&#109;\" rel=\"noopener\" target=\"_blank\">&#x43;&#x68;&#x72;&#x69;&#x73;&#x74;&#x65;&#x72;&#46;&#83;&#97;&#109;&#117;&#101;&#108;sson&#x40;&#x71;&#x6c;&#x69;&#x6e;&#x65;&#x61;&#x2e;&#x63;&#111;&#109;<\/a><br \/>+ 46 (0) 70-600 15 20<\/p>\n<\/div>\n<div class=\"mfn-footer mfn-about mfn-2048cb62925b\">\n<p class=\"mfn-wp-retain\"><strong class=\"mfn-heading-1\">Om Q-linea<\/strong><\/p>\n<hr>\n<p class=\"mfn-wp-retain\">Q-lineas ASTar&reg; f&ouml;r snabb resistensbest&auml;mning kortar svarstiderna vid diagnostik av tidskritiska sjukdomstillst&aring;nd som blodomloppsinfektioner och sepsis. Sjukhus anv&auml;nder ASTar f&ouml;r att avsev&auml;rt minska tiden till optimal antibiotikabehandling och se till att patienter f&aring;r r&auml;tt behandling, med r&auml;tt dos, i r&auml;tt tid. Vi bidrar till en h&aring;llbar sjukv&aring;rd, nu och i framtiden, och v&auml;rnar om att antibiotika &auml;r effektivt &auml;ven f&ouml;r kommande generationer.<br \/>Q-linea har sitt huvudkontor i Uppsala, Sverige, regionala kontor i Italien och USA, samt partnerskap &ouml;ver hela v&auml;rlden. <br \/>ASTar Instrument och ASTar BC G- Consumables kit &auml;r CE-IVD-m&auml;rkta och FDA 510(k)-godk&auml;nda. F&ouml;r mer information, bes&ouml;k <a href=\"http:\/\/www.qlinea.com\" rel=\"noopener\" target=\"_blank\">www.qlinea.com<\/a>.<\/p>\n<\/div>\n<div class=\"mfn-footer mfn-attachment mfn-attachment-general\">\n<p class=\"mfn-wp-retain\"><strong class=\"mfn-heading-1\">Bifogade filer<\/strong><\/p>\n<hr>\n<p class=\"mfn-wp-retain\"><a class=\"mfn-generated mfn-primary\" href=\"https:\/\/storage.mfn.se\/375e3c46-1562-4550-ae44-626347092905\/rattelse-sista-dag-for-handel-fore-sammanlaggning.pdf\" rel=\"noopener\" target=\"_blank\">R&auml;ttelse: Sista dag f&ouml;r handel f&ouml;re sammanl&auml;ggning<\/a><\/p>\n<\/div>\n","protected":false},"excerpt":{"rendered":"<p>Q-linea AB (publ) (&rdquo;Bolaget&rdquo;) utf&auml;rdar en r&auml;ttelse av pressmeddelandet avseende tidplan f&ouml;r sammanl&auml;ggning av aktier som publicerades den 8 juli 2025. R&auml;ttelsen avser att pressmeddelandet&#8230;<\/p>\n","protected":false},"template":"","class_list":["post-29160","mfn_news","type-mfn_news","status-publish","hentry","mfn-news-tag-mfn-ca_sv","mfn-news-tag-mfn-type-ir_sv","mfn-news-tag-mfn_sv","mfn-news-tag-mfn-ca-other","mfn-news-tag-mfn-ca-other_sv","mfn-news-tag-mfn-lang-sv_sv"],"acf":[],"_links":{"self":[{"href":"https:\/\/qlinea.com\/sv\/wp-json\/wp\/v2\/mfn_news\/29160","targetHints":{"allow":["GET"]}}],"collection":[{"href":"https:\/\/qlinea.com\/sv\/wp-json\/wp\/v2\/mfn_news"}],"about":[{"href":"https:\/\/qlinea.com\/sv\/wp-json\/wp\/v2\/types\/mfn_news"}],"wp:attachment":[{"href":"https:\/\/qlinea.com\/sv\/wp-json\/wp\/v2\/media?parent=29160"}],"curies":[{"name":"wp","href":"https:\/\/api.w.org\/{rel}","templated":true}]}}