{"id":29512,"date":"2025-10-19T20:55:00","date_gmt":"2025-10-19T18:55:00","guid":{"rendered":"https:\/\/qlinea.com\/mfn_news\/stuart-gander-utsedd-till-verkstallande-direktor-och-anders-ljunggren-till-vice-verkstallande-direktor-for-q-linea-ab\/"},"modified":"2025-10-20T08:46:05","modified_gmt":"2025-10-20T06:46:05","slug":"stuart-gander-utsedd-till-verkstallande-direktor-och-anders-ljunggren-till-vice-verkstallande-direktor-for-q-linea-ab","status":"publish","type":"mfn_news","link":"https:\/\/qlinea.com\/sv\/mfn_news\/stuart-gander-utsedd-till-verkstallande-direktor-och-anders-ljunggren-till-vice-verkstallande-direktor-for-q-linea-ab\/","title":{"rendered":"Stuart Gander utsedd till verkst\u00e4llande direkt\u00f6r och Anders Ljunggren till vice verkst\u00e4llande direkt\u00f6r f\u00f6r Q-linea AB"},"content":{"rendered":"<div class=\"mfn-preamble\">\n<p class=\"mfn-wp-retain\"><strong>Styrelsen i Q-linea AB (publ) har idag utsett Stuart Gander till verkst&auml;llande direkt&ouml;r f&ouml;r bolaget. Tidigare verkst&auml;llande direkt&ouml;r Anders Ljunggren forts&auml;tter som vice verkst&auml;llande direkt&ouml;r f&ouml;r bolaget.<\/strong><\/p>\n<\/div>\n<div class=\"mfn-body\">\n<p class=\"mfn-wp-retain\">Stuart Gander har sedan den 1 mars 2024 haft ett omfattande ansvar f&ouml;r Q-lineas verksamhet i rollen som koncernchef. Styrelsen ser det d&auml;rf&ouml;r som ett naturligt steg att han nu formellt &auml;ven tilltr&auml;der som verkst&auml;llande direkt&ouml;r f&ouml;r Q-linea AB, koncernens moderbolag, d&aring; han nu ocks&aring; &auml;r bosatt i Sverige, och kommer i den rollen &auml;ven att forts&auml;tta som chef f&ouml;r hela koncernen. Anders Ljunggren forts&auml;tter i en nyckelroll som vice verkst&auml;llande direkt&ouml;r f&ouml;r bolaget.<\/p>\n<p class=\"mfn-wp-retain\">Stuart Gander och Anders Ljunggren tilltr&auml;der sina nya roller den 19 oktober 2025.<\/p>\n<p class=\"mfn-wp-retain\"><strong>F&ouml;r mer information, v&auml;nligen kontakta: <\/strong><strong><br \/><\/strong>Stuart Gander, President &amp; CEO, Q-linea<br \/>&#83;&#x74;u&#97;&#x72;&#116;&#x2e;G&#97;&#x6e;d&#x65;&#x72;&#64;&#x71;l&#105;&#x6e;e&#x61;&#x2e;&#99;&#x6f;m<\/p>\n<p class=\"mfn-wp-retain\">Christer Samuelsson, CFO \/ IR, Q-linea AB<br \/>&#x43;h&#x72;&#105;s&#x74;&#101;&#x72;&#x2e;S&#x61;&#109;u&#x65;&#108;&#x73;&#115;o&#x6e;&#64;q&#x6c;&#105;&#x6e;&#101;a&#x2e;&#99;&#x6f;&#x6d;<br \/>+ 46 (0) 70-600 15 20<\/p>\n<\/div>\n<div class=\"mfn-footer mfn-contacts mfn-828219978778\">\n<p class=\"mfn-wp-retain\"><strong class=\"mfn-heading-1\">F&ouml;r mer information, v&auml;nligen kontakta:<\/strong><\/p>\n<hr>\n<p class=\"mfn-wp-retain\">Stuart Gander, President &amp; CEO, Q-linea <br \/><a href=\"m&#97;&#x69;&#x6c;t&#111;&#58;&#x73;&#x74;u&#97;&#x72;&#x74;&#46;&#103;&#97;&#x6e;&#x64;e&#114;&#x40;&#x71;l&#105;&#110;&#x65;&#x61;&#46;&#99;&#x6f;&#x6d;\" rel=\"noopener\" target=\"_blank\">St&#117;&#97;&#114;&#116;&#x2e;&#x47;&#x61;&#x6e;&#x64;er&#64;&#113;&#108;&#105;&#x6e;&#x65;&#x61;&#x2e;&#x63;om<\/a><\/p>\n<p class=\"mfn-wp-retain\">Christer Samuelsson, CFO \/ IR, Q-linea AB<br \/><a href=\"ma&#105;&#108;&#x74;&#x6f;&#x3a;&#x43;hr&#105;&#115;&#x74;&#x65;&#x72;&#x2e;Sa&#109;&#117;&#101;&#x6c;&#x73;&#x73;&#x6f;n&#64;&#113;&#108;&#x69;&#x6e;&#x65;&#x61;&#46;c&#111;&#109;\" rel=\"noopener\" target=\"_blank\">&#x43;&#104;r&#x69;&#x73;&#116;e&#x72;&#46;S&#x61;&#x6d;&#117;e&#x6c;&#115;s&#x6f;&#x6e;&#64;q&#x6c;&#x69;&#110;&#x65;&#x61;&#46;c&#x6f;&#x6d;<\/a><br \/>+ 46 (0) 70-600 15 20<\/p>\n<\/div>\n<div class=\"mfn-footer mfn-about mfn-2048cb62925b\">\n<p class=\"mfn-wp-retain\"><strong class=\"mfn-heading-1\">Om Q-linea<\/strong><\/p>\n<hr>\n<p class=\"mfn-wp-retain\">Q-lineas ASTar&reg; f&ouml;r snabb resistensbest&auml;mning kortar svarstiderna vid diagnostik av tidskritiska sjukdomstillst&aring;nd som blodomloppsinfektioner och sepsis. Sjukhus anv&auml;nder ASTar f&ouml;r att avsev&auml;rt minska tiden till optimal antibiotikabehandling och se till att patienter f&aring;r r&auml;tt behandling, med r&auml;tt dos, i r&auml;tt tid. Vi bidrar till en h&aring;llbar sjukv&aring;rd, nu och i framtiden, och v&auml;rnar om att antibiotika &auml;r effektivt &auml;ven f&ouml;r kommande generationer.<br \/>Q-linea har sitt huvudkontor i Uppsala, Sverige, regionala kontor i Italien och USA, samt partnerskap &ouml;ver hela v&auml;rlden. <br \/>ASTar Instrument och ASTar BC G- Consumables kit &auml;r CE-IVD-m&auml;rkta och FDA 510(k)-godk&auml;nda. F&ouml;r mer information, bes&ouml;k <a href=\"http:\/\/www.qlinea.com\" rel=\"noopener\" target=\"_blank\">www.qlinea.com<\/a>.<\/p>\n<\/div>\n<div class=\"mfn-footer mfn-attachment mfn-attachment-general\">\n<p class=\"mfn-wp-retain\"><strong class=\"mfn-heading-1\">Bifogade filer<\/strong><\/p>\n<hr>\n<p class=\"mfn-wp-retain\"><a class=\"mfn-generated mfn-primary\" href=\"https:\/\/storage.mfn.se\/b16faeb0-ec0c-4a09-bb60-f92e48ac8759\/stuart-gander-utsedd-till-verkstallande-direktor-och-anders-ljunggren-till-vice-verkstallande-direktor-for-q-linea-ab.pdf\" rel=\"noopener\" target=\"_blank\">Stuart Gander utsedd till verkst&auml;llande direkt&ouml;r och Anders Ljunggren till vice verkst&auml;llande direkt&ouml;r f&ouml;r Q-linea AB<\/a><\/p>\n<\/div>\n","protected":false},"excerpt":{"rendered":"<p>Styrelsen i Q-linea AB (publ) har idag utsett Stuart Gander till verkst&auml;llande direkt&ouml;r f&ouml;r bolaget. Tidigare verkst&auml;llande direkt&ouml;r Anders Ljunggren forts&auml;tter som vice verkst&auml;llande direkt&ouml;r&#8230;<\/p>\n","protected":false},"template":"","class_list":["post-29512","mfn_news","type-mfn_news","status-publish","hentry","mfn-news-tag-mfn-ci_sv","mfn-news-tag-mfn-type-ir_sv","mfn-news-tag-mfn-regulatory-listing","mfn-news-tag-mfn-regulatory-listing_sv","mfn-news-tag-mfn_sv","mfn-news-tag-mfn-ci-staff_sv","mfn-news-tag-mfn-regulatory_sv","mfn-news-tag-mfn-ci-staff","mfn-news-tag-mfn-lang-sv_sv"],"acf":[],"_links":{"self":[{"href":"https:\/\/qlinea.com\/sv\/wp-json\/wp\/v2\/mfn_news\/29512","targetHints":{"allow":["GET"]}}],"collection":[{"href":"https:\/\/qlinea.com\/sv\/wp-json\/wp\/v2\/mfn_news"}],"about":[{"href":"https:\/\/qlinea.com\/sv\/wp-json\/wp\/v2\/types\/mfn_news"}],"wp:attachment":[{"href":"https:\/\/qlinea.com\/sv\/wp-json\/wp\/v2\/media?parent=29512"}],"curies":[{"name":"wp","href":"https:\/\/api.w.org\/{rel}","templated":true}]}}